{"id":58,"date":"2024-06-29T17:59:56","date_gmt":"2024-06-29T15:59:56","guid":{"rendered":"https:\/\/wdowikprojekt.pl\/hiacynt\/?p=58"},"modified":"2024-06-29T18:21:13","modified_gmt":"2024-06-29T16:21:13","slug":"walka-w-obronie-ustawy-o-rod-tematem-przewodnim-dwudniowej-narady-prezesow-oz","status":"publish","type":"post","link":"https:\/\/wdowikprojekt.pl\/hiacynt\/walka-w-obronie-ustawy-o-rod-tematem-przewodnim-dwudniowej-narady-prezesow-oz\/","title":{"rendered":"Walka w obronie ustawy o ROD tematem przewodnim dwudniowej narady Prezes\u00f3w OZ"},"content":{"rendered":"<p>W Polskim Zwi\u0105zku Dzia\u0142kowc\u00f3w od pocz\u0105tku roku odbywaj\u0105 si\u0119 liczne posiedzenia, narady, zebrania. 15 i 16 marca w Warszawie odby\u0142a si\u0119 narada prezes\u00f3w Okr\u0119gowych Zarz\u0105d\u00f3w, kt\u00f3rej przewodniczy\u0142 Prezes PZD Eugeniusz Kondracki.<\/p>\n<p>Najwa\u017cniejszy temat dotyczy\u0142 aktualnej sytuacji ogrod\u00f3w i Zwi\u0105zku. O tym, \u017ce nie jest ona \u0142atwa m\u00f3wi\u0142 w swoim wyst\u0105pieniu prezes PZD Eugeniusz Kondracki. Prezes przypomnia\u0142, \u017ce obecna sytuacja jest przede wszystkim konsekwencj\u0105 wydarze\u0144, kt\u00f3re mia\u0142y miejsce 22 lutego 2010 r. i 6 wrze\u015bnia 2010 r. Wtedy to pierwszy prezes S\u0105du Najwy\u017cszego Lech Gardocki podwa\u017cy\u0142 konstytucyjno\u015b\u0107 szeregu przepis\u00f3w ustawy o rodzinnych ogrodach dzia\u0142kowych, a nast\u0119pnie podwa\u017cy\u0142 ca\u0142\u0105 ustaw\u0119. Skutki tych negatywnych dzia\u0142a\u0144 do dnia dzisiejszego odczuwa milion polskich dzia\u0142kowc\u00f3w, kt\u00f3rzy nie ustaj\u0105 w walce o zachowanie swoich praw. Prezes PZD Eugeniusz Kondracki zaznaczy\u0142, \u017ce dzia\u0142kowcy z niepokojem odbieraj\u0105 milczenie Marsza\u0142ek Sejmu Ewy Kopacz, kt\u00f3ra bez odpowiedzi postawi\u0142a wys\u0142any do niej 16 grudnia ubieg\u0142ego roku list otwarty IX Krajowego Zjazdu Delegat\u00f3w PZD pod kt\u00f3rym podpisa\u0142o si\u0119 430 delegat\u00f3w. Pani Marsza\u0142ek bez odpowiedzi pozostawi\u0142a tak\u017ce blisko 300 list\u00f3w, kt\u00f3re na przestrzeni ponad trzech miesi\u0119cy skierowa\u0142y do Niej Okr\u0119gowe Zarz\u0105dy, rodzinne ogrody dzia\u0142kowe, indywidualni dzia\u0142kowcy. Bez odpowiedzi pozostaj\u0105 tak\u017ce liczne listy kierowane do premiera Donalda Tuska w kt\u00f3rych dzia\u0142kowcy zwracaj\u0105 si\u0119 z pro\u015bb\u0105 o zaj\u0119cie stanowiska w wa\u017cnej dla nich sprawie. O tym, \u017ce takie postawy najwa\u017cniejszych przedstawicieli naszego pa\u0144stwa s\u0105 odbierane z niepokojem przez dzia\u0142kowc\u00f3w, zgodnie potwierdzili prezesi wszystkich okr\u0119g\u00f3w. Zapewnili r\u00f3wnie\u017c, \u017ce dzia\u0142kowcy nie b\u0119d\u0105 ustawali w walce o obron\u0119 swoich praw oraz podejm\u0105 kolejne dzia\u0142ania, by zachowa\u0107 ustaw\u0119 o rod w niezmienionym kszta\u0142cie. Podczas kilkugodzinnej dyskusji prezesi wymienili swoje opinie na temat zrealizowanych oraz zaplanowanych na najbli\u017csze miesi\u0105ce dzia\u0142a\u0144.<\/p>\n<p>Prezesi OZ wskazywali na potrzeb\u0119 dalszego kierowania list\u00f3w do Marsza\u0142ek Sejmu Ewy Kopacz, Premiera RP Donalda Tuska, Prezydenta RP Bronis\u0142awa Komorowskiego oraz ministra transportu S\u0142awomira Nowaka.<\/p>\n<p>\u201eM\u00f3j okr\u0119g za niezmiernie wa\u017cne i konieczne uwa\u017ca spotkania z przedstawicielami w\u0142adz r\u00f3\u017cnych szczebli \u2013 m\u00f3wi\u0142a w swoim wyst\u0105pieniu Maria Fojt z OZ Pi\u0142a. Doda\u0142a, \u017ce o aktualnej sytuacji Zwi\u0105zku szczeg\u00f3\u0142owo, podczas odbytych ju\u017c spotka\u0144, poinformowani zostali pos\u0142owie PiS &#8211; Pawe\u0142 Sza\u0142amacha i Maks Kraczkowski oraz wybrani przedstawiciele samorz\u0105d\u00f3w powiatowych. Okr\u0119g zamierza w najbli\u017cszych dniach odby\u0107 spotkania ze starostami i burmistrzami.<\/p>\n<p>Taki kierunek dzia\u0142a\u0144 podejmowane s\u0105 w wielu okr\u0119gach. Marian Pasi\u0144ski (OZ Zielona G\u00f3ra) opowiedzia\u0142 o niezwykle owocnym spotkaniu z prezydentem Nowej Soli oraz burmistrzem Sulechowa, kt\u00f3rzy wyrazili swoje poparcie dla Zwi\u0105zku. Prezes zapewni\u0142, \u017ce podobne dzia\u0142ania b\u0119d\u0105 kontynuowane w jego Okr\u0119gu.<\/p>\n<p>O tym, \u017ce Zwi\u0105zek powinien szuka\u0107 poparcia u prezydent\u00f3w miast, burmistrz\u00f3w, wojewod\u00f3w m\u00f3wili tak\u017ce w swoich wyst\u0105pieniach m.in. Janusz Moszkowski (OZ Wroc\u0142aw), Zdzis\u0142aw \u015aliwa (OZ Pozna\u0144), Zbigniew Ko\u0142odziejczak (OZ warmi\u0144sko-mazurski), J\u00f3zef Noski (OZ \u015al\u0105sk), Czes\u0142aw Smoczy\u0144ski (OZ Gda\u0144sk), Piotr Willms (OZ Gorz\u00f3w Wielkopolski), Gra\u017cyna Franke (OZ mazowiecki).<\/p>\n<p>Prezesi OZ zwr\u00f3cili tak\u017ce uwag\u0119 na potrzeb\u0119 prowadzenia konsekwentnej polityki medialnej. \u201eWa\u017cne jest nag\u0142a\u015bnianie pozytywnych wydarze\u0144, kt\u00f3re maj\u0105 miejsce w Zwi\u0105zku \u2013 m\u00f3wi\u0142a w swoim wyst\u0105pieniu Barbara Kokot (OZ Bydgoszcz). \u201eW naszej regionalnej rozg\u0142o\u015bni \u201eRadiu Pik\u201d mamy cotygodniowy cykl audycji w kt\u00f3rych s\u0142uchacze otrzymuj\u0105 pakiet najwa\u017cniejszych informacji na temat ogrodnictwa dzia\u0142kowego w Polsce. Niezwykle ciekawy jest te\u017c cykl artyku\u0142\u00f3w zatytu\u0142owanych \u201eTydzie\u0144 dzia\u0142kowca\u201d, kt\u00f3ry publikowany jest na \u0142amach \u201eGazety Pomorskiej\u201d \u2013 doda\u0142a Prezes. Wincenty Kulik (OZ Sudecki) wskaza\u0142 na potrzeb\u0119 szybszego przep\u0142ywu informacji mi\u0119dzy PZD, a przedstawicielami naszych w\u0142adz i spo\u0142ecze\u0144stwem.<\/p>\n<p>Dyskusja pozwoli\u0142a ustali\u0107 tak\u017ce inne kierunki dzia\u0142ania. Za konieczne uznano: usprawnienie polityki medialnej, podj\u0119cie dziala\u0144 promuj\u0105cych Zwi\u0105zek, usprawnienie komunikacji wewn\u0105trzzwi\u0105zkowej.<\/p>\n<p>Nast\u0119pnie radca prawny KR PZD Tomasz Terlecki om\u00f3wi\u0142 szczeg\u00f3\u0142owo najwa\u017cniejsze zmiany w Statucie i Regulaminie. Przypomnia\u0142, \u017ce w znowelizowanym Regulaminie uregulowana zosta\u0142a m.in. sprawa zbiornik\u00f3w na nieczysto\u015bci ciek\u0142e, spalania na dzia\u0142kach; komink\u00f3w w altanach ogrod\u00f3w miejskich; opiekun\u00f3w dzia\u0142ki; os\u00f3b niepe\u0142nosprawnych ruchowo. Przypomnia\u0142, \u017ce znowelizowane dokumenty opublikowane zostan\u0105 w ksi\u0105\u017cce \u201ePrawo w PZD\u201d, kt\u00f3ra jest ju\u017c w druku i niebawem zostanie wys\u0142ana do wszystkich ogrod\u00f3w (zach\u0119camy te\u017c do zapoznania si\u0119 ze znowelizowanymi dokumentami na\u00a0<a href=\"http:\/\/www.pzd.pl\/archiwum\/strona.php?82\"><strong><u>stronie KR PZD<\/u><\/strong><\/a>). Prezesi OZ zabrali glos w dyskusji potwierdzaj\u0105c, \u017ce nowelizacja Statutu i Regulaminu zosta\u0142a pozytywnie odebrana przez Zwi\u0105zek, a zmiany z pewno\u015bci\u0105 usprawni\u0105 jego dalsze dzia\u0142anie.<\/p>\n<p>Nast\u0119pnie om\u00f3wione zosta\u0142y sprawy gospodarki gruntami. Pani Mariola Kobyli\u0144ska (Wydzia\u0142 Gospodarki Gruntami) szczeg\u00f3\u0142owo om\u00f3wi\u0142a stan organizacyjny PZD na 31 grudnia 2011r. oraz badanie stanu prawnego. Agnieszka Rudawska (WGG) om\u00f3wi\u0142a temat likwidacji zaznaczaj\u0105c, \u017ce okr\u0119gi nie powinny rezygnowa\u0107 z teren\u00f3w zamiennych przy likwidacji ogrodu.<\/p>\n<p>Omawiaj\u0105c temat po\u017cyczek Aneta Ba\u0142on (WGG) zaznaczy\u0142a, \u017ce termin ich sp\u0142aty mo\u017ce zosta\u0107 przesuni\u0119ty w wyj\u0105tkowych sytuacjach, natomiast Prezydium KR PZD nie przewiduje ich umorzenia.<\/p>\n<p>Kolejny wa\u017cny temat dotyczy\u0142 programu modernizacji dzia\u0142ek, kt\u00f3rego realizacj\u0119 KR PZD uznaje za priorytet. Prezes PZD Eugeniusz Kondracki przypomnia\u0142, \u017ce KR PZD uchwali\u0142a \u201eProgram modernizacji dzia\u0142ek w ROD\u201d, oraz przyj\u0119\u0142a stosowne zalecenia w tym zakresie. Prezes PZD Eugeniusz Kondracki podkre\u015bli\u0142 konieczno\u015b\u0107 opracowania przez wszystkie OZ w\u0142asnego programu modernizacji oraz przeprowadzeniu przegl\u0105d\u00f3w ogrod\u00f3w.<\/p>\n<p>Nast\u0119pnie G\u0142\u00f3wna Ksi\u0119gowa KR PZD Miros\u0142awa Marks om\u00f3wi\u0142a polityk\u0119 finansow\u0105 Zwi\u0105zku. Zaznaczy\u0142a, \u017ce wszystkie jednostki winny zadba\u0107 o przygotowanie kompletnych sprawozda\u0144 finansowych za miniony rok oraz szczeg\u00f3\u0142owych preliminarzy finansowych na rok bie\u017c\u0105cy. Spraw\u0119 nale\u017cy omawia\u0107 na odbywaj\u0105cych si\u0119 obecnie walnych zebraniach.<\/p>\n<p>W dalszej cz\u0119\u015bci om\u00f3wione zosta\u0142y dzia\u0142ania maj\u0105ce usprawni\u0107 polityk\u0119 medialn\u0105 Zwi\u0105zku. Za konieczne uznano za\u0142o\u017cenie stron internetowych przez wszystkie okr\u0119gi i jak najwi\u0119ksz\u0105 liczb\u0119 ROD, cz\u0119st\u0105 ich aktualizacj\u0119, usprawnienie przep\u0142ywu informacji mi\u0119dzy KR PZD, a jednostkami Okr\u0119gowymi, nag\u0142a\u015bnianie pozytywnych wydarze\u0144, kt\u00f3re maj\u0105 miejsce w Zwi\u0105zku.<\/p>\n<p>W ostatniej cz\u0119\u015bci podj\u0119ty zosta\u0142 temat aktywno\u015bci OZ, programu komputerowego dla ROD oraz komunikacji wewn\u0105trzzwi\u0105zkowej.<\/p>\n<p>Dwudniow\u0105 narad\u0119 zamkn\u0119\u0142a dyskusja w kt\u00f3rej prezesi opowiedzieli si\u0119 za konieczno\u015bci\u0105 walki w obronie praw dzia\u0142kowc\u00f3w. Wyrazili tak\u017ce przekonanie i nadziej\u0119, \u017ce g\u0142os milionowej spo\u0142eczno\u015bci nie zostanie zignorowany, a\u00a0dzia\u0142ania w obronie ustawy zwie\u0144czone zostan\u0105 sukcesem.<\/p>\n","protected":false},"excerpt":{"rendered":"<p>W Polskim Zwi\u0105zku Dzia\u0142kowc\u00f3w od pocz\u0105tku roku odbywaj\u0105 si\u0119 liczne posiedzenia, narady, zebrania. 15 i 16 marca w Warszawie odby\u0142a si\u0119 narada prezes\u00f3w Okr\u0119gowych Zarz\u0105d\u00f3w, kt\u00f3rej przewodniczy\u0142 Prezes PZD Eugeniusz Kondracki. Najwa\u017cniejszy temat dotyczy\u0142 aktualnej sytuacji ogrod\u00f3w i Zwi\u0105zku. O tym, \u017ce nie jest ona \u0142atwa m\u00f3wi\u0142 w swoim wyst\u0105pieniu prezes PZD Eugeniusz Kondracki. Prezes&hellip;&nbsp;<a href=\"https:\/\/wdowikprojekt.pl\/hiacynt\/walka-w-obronie-ustawy-o-rod-tematem-przewodnim-dwudniowej-narady-prezesow-oz\/\" class=\"\" rel=\"bookmark\">Dowiedz si\u0119 wi\u0119cej &raquo;<span class=\"screen-reader-text\">Walka w obronie ustawy o ROD tematem przewodnim dwudniowej narady Prezes\u00f3w OZ<\/span><\/a><\/p>\n","protected":false},"author":1,"featured_media":66,"comment_status":"open","ping_status":"open","sticky":false,"template":"","format":"standard","meta":{"neve_meta_sidebar":"","neve_meta_container":"","neve_meta_enable_content_width":"","neve_meta_content_width":0,"neve_meta_title_alignment":"","neve_meta_author_avatar":"","neve_post_elements_order":"","neve_meta_disable_header":"","neve_meta_disable_footer":"","neve_meta_disable_title":"","_themeisle_gutenberg_block_has_review":false,"_ti_tpc_template_sync":false,"_ti_tpc_template_id":"","footnotes":""},"categories":[1],"tags":[],"class_list":["post-58","post","type-post","status-publish","format-standard","has-post-thumbnail","hentry","category-bez-kategorii"],"rttpg_featured_image_url":{"full":["https:\/\/wdowikprojekt.pl\/hiacynt\/wp-content\/uploads\/2024\/06\/markus-spiske-IRrUkB8Fq-0-unsplash-1.jpg",1920,1280,false],"landscape":["https:\/\/wdowikprojekt.pl\/hiacynt\/wp-content\/uploads\/2024\/06\/markus-spiske-IRrUkB8Fq-0-unsplash-1.jpg",1920,1280,false],"portraits":["https:\/\/wdowikprojekt.pl\/hiacynt\/wp-content\/uploads\/2024\/06\/markus-spiske-IRrUkB8Fq-0-unsplash-1.jpg",1920,1280,false],"thumbnail":["https:\/\/wdowikprojekt.pl\/hiacynt\/wp-content\/uploads\/2024\/06\/markus-spiske-IRrUkB8Fq-0-unsplash-1-150x150.jpg",150,150,true],"medium":["https:\/\/wdowikprojekt.pl\/hiacynt\/wp-content\/uploads\/2024\/06\/markus-spiske-IRrUkB8Fq-0-unsplash-1-300x200.jpg",300,200,true],"large":["https:\/\/wdowikprojekt.pl\/hiacynt\/wp-content\/uploads\/2024\/06\/markus-spiske-IRrUkB8Fq-0-unsplash-1-1024x683.jpg",1024,683,true],"1536x1536":["https:\/\/wdowikprojekt.pl\/hiacynt\/wp-content\/uploads\/2024\/06\/markus-spiske-IRrUkB8Fq-0-unsplash-1-1536x1024.jpg",1536,1024,true],"2048x2048":["https:\/\/wdowikprojekt.pl\/hiacynt\/wp-content\/uploads\/2024\/06\/markus-spiske-IRrUkB8Fq-0-unsplash-1.jpg",1920,1280,false],"ultp_layout_landscape_large":["https:\/\/wdowikprojekt.pl\/hiacynt\/wp-content\/uploads\/2024\/06\/markus-spiske-IRrUkB8Fq-0-unsplash-1.jpg",1200,800,false],"ultp_layout_landscape":["https:\/\/wdowikprojekt.pl\/hiacynt\/wp-content\/uploads\/2024\/06\/markus-spiske-IRrUkB8Fq-0-unsplash-1.jpg",855,570,false],"ultp_layout_portrait":["https:\/\/wdowikprojekt.pl\/hiacynt\/wp-content\/uploads\/2024\/06\/markus-spiske-IRrUkB8Fq-0-unsplash-1.jpg",600,400,false],"ultp_layout_square":["https:\/\/wdowikprojekt.pl\/hiacynt\/wp-content\/uploads\/2024\/06\/markus-spiske-IRrUkB8Fq-0-unsplash-1.jpg",600,400,false],"neve-blog":["https:\/\/wdowikprojekt.pl\/hiacynt\/wp-content\/uploads\/2024\/06\/markus-spiske-IRrUkB8Fq-0-unsplash-1.jpg",930,620,false],"sow-carousel-default":["https:\/\/wdowikprojekt.pl\/hiacynt\/wp-content\/uploads\/2024\/06\/markus-spiske-IRrUkB8Fq-0-unsplash-1-272x182.jpg",272,182,true]},"rttpg_author":{"display_name":"Admin_ROD_Hiacynt","author_link":"https:\/\/wdowikprojekt.pl\/hiacynt\/author\/admin_rod_hiacynt\/"},"rttpg_comment":249,"rttpg_category":"<a href=\"https:\/\/wdowikprojekt.pl\/hiacynt\/category\/bez-kategorii\/\" rel=\"category tag\">Bez kategorii<\/a>","rttpg_excerpt":"W Polskim Zwi\u0105zku Dzia\u0142kowc\u00f3w od pocz\u0105tku roku odbywaj\u0105 si\u0119 liczne posiedzenia, narady, zebrania. 15 i 16 marca w Warszawie odby\u0142a si\u0119 narada prezes\u00f3w Okr\u0119gowych Zarz\u0105d\u00f3w, kt\u00f3rej przewodniczy\u0142 Prezes PZD Eugeniusz Kondracki. Najwa\u017cniejszy temat dotyczy\u0142 aktualnej sytuacji ogrod\u00f3w i Zwi\u0105zku. O tym, \u017ce nie jest ona \u0142atwa m\u00f3wi\u0142 w swoim wyst\u0105pieniu prezes PZD Eugeniusz Kondracki. Prezes&hellip;&nbsp;Dowiedz&hellip;","_links":{"self":[{"href":"https:\/\/wdowikprojekt.pl\/hiacynt\/wp-json\/wp\/v2\/posts\/58","targetHints":{"allow":["GET"]}}],"collection":[{"href":"https:\/\/wdowikprojekt.pl\/hiacynt\/wp-json\/wp\/v2\/posts"}],"about":[{"href":"https:\/\/wdowikprojekt.pl\/hiacynt\/wp-json\/wp\/v2\/types\/post"}],"author":[{"embeddable":true,"href":"https:\/\/wdowikprojekt.pl\/hiacynt\/wp-json\/wp\/v2\/users\/1"}],"replies":[{"embeddable":true,"href":"https:\/\/wdowikprojekt.pl\/hiacynt\/wp-json\/wp\/v2\/comments?post=58"}],"version-history":[{"count":1,"href":"https:\/\/wdowikprojekt.pl\/hiacynt\/wp-json\/wp\/v2\/posts\/58\/revisions"}],"predecessor-version":[{"id":59,"href":"https:\/\/wdowikprojekt.pl\/hiacynt\/wp-json\/wp\/v2\/posts\/58\/revisions\/59"}],"wp:featuredmedia":[{"embeddable":true,"href":"https:\/\/wdowikprojekt.pl\/hiacynt\/wp-json\/wp\/v2\/media\/66"}],"wp:attachment":[{"href":"https:\/\/wdowikprojekt.pl\/hiacynt\/wp-json\/wp\/v2\/media?parent=58"}],"wp:term":[{"taxonomy":"category","embeddable":true,"href":"https:\/\/wdowikprojekt.pl\/hiacynt\/wp-json\/wp\/v2\/categories?post=58"},{"taxonomy":"post_tag","embeddable":true,"href":"https:\/\/wdowikprojekt.pl\/hiacynt\/wp-json\/wp\/v2\/tags?post=58"}],"curies":[{"name":"wp","href":"https:\/\/api.w.org\/{rel}","templated":true}]}}