{"id":1,"date":"2024-06-29T00:15:39","date_gmt":"2024-06-28T22:15:39","guid":{"rendered":"https:\/\/wdowikprojekt.pl\/hiacynt\/?p=1"},"modified":"2024-06-29T18:21:43","modified_gmt":"2024-06-29T16:21:43","slug":"witaj-swiecie","status":"publish","type":"post","link":"https:\/\/wdowikprojekt.pl\/hiacynt\/witaj-swiecie\/","title":{"rendered":"Apel do dzia\u0142kowc\u00f3w o masowy udzia\u0142 w obronie swoich praw i ogrod\u00f3w rodzinnych"},"content":{"rendered":"\r\n<p><span style=\"color: darkolivegreen;\">Pod koniec marca do wszystkich rodzinnych ogrod\u00f3w dzia\u0142kowych trafi \u201eApel IX Krajowego Zjazdu Delegat\u00f3w PZD z dnia 17 grudnia 2011 roku do dzia\u0142kowc\u00f3w o masowy udzia\u0142 w obronie swoich praw i ogrod\u00f3w rodzinnych\u201d. Dokument przekazujemy w\u0142a\u015bnie teraz, kiedy przyroda budzi si\u0119 do \u017cycia, a dzia\u0142kowcy po zimowej przerwie powracaj\u0105 do swoich ogrod\u00f3w (przypominamy, \u017ce apel opublikowany zosta\u0142 na stronie KR PZD oraz w \u201eBiuletynie Zjazdowym\u201d).\u00a0<br \/><\/span><\/p>\r\n<p><span style=\"color: darkolivegreen;\">W obecnej, jak\u017ce trudnej sytuacji Zwi\u0105zku warto, by wszyscy dzia\u0142kowcy po\u0142\u0105czyli swoje si\u0142y i masowo w\u0142\u0105czyli si\u0119 w obron\u0119 praw, jakie gwarantuje im ustawa o ROD z 2005r. Wniosek I Prezesa S\u0105du Najwy\u017cszego do Trybuna\u0142u Konstytucyjnego o stwierdzenie niezgodno\u015bci z Konstytucj\u0105 fundamentalnych zapis\u00f3w ustawy o rod nie zapowiada nic dobrego. Nie mo\u017cemy jednak biernie czeka\u0107 na rozw\u00f3j wydarze\u0144. Musimy pami\u0119ta\u0107, \u017ce w pewnych dzia\u0142aniach nikt nas nie wyr\u0119czy. Zach\u0119camy do zapoznania si\u0119 z wersj\u0105 elektroniczn\u0105 apelu\u00a0<a href=\"http:\/\/www.pzd.pl\/pliki\/pdf\/apel.pdf\"><strong>(linku).<\/strong><br \/><\/a><\/span><\/p>\r\n<p><span style=\"color: darkolivegreen;\">R\u00f3wnocze\u015bnie informujemy, \u017ce w tym samy czasie do wszystkich rod trafi pierwszy w tym roku numer \u201eInformatora dzia\u0142kowca\u201d(4\/2012) w kt\u00f3rym om\u00f3wione zosta\u0142y takie tematy jak: List KR PZD do Marsza\u0142ek Sejmu, zmiany do statutu PZD, nowelizacja regulaminu ROD, program modernizacji dzia\u0142ek w ROD, pokazy ci\u0119cia drzew i krzew\u00f3w owocowych, najnowsze\u00a0 wydawnictwo KR PZD czyli \u201eVademecum dzia\u0142kowca\u201d oraz walne zebrania w ROD.<\/span><\/p>\r\n","protected":false},"excerpt":{"rendered":"<p>Pod koniec marca do wszystkich rodzinnych ogrod\u00f3w dzia\u0142kowych trafi \u201eApel IX Krajowego Zjazdu Delegat\u00f3w PZD z dnia 17 grudnia 2011 roku do dzia\u0142kowc\u00f3w o masowy udzia\u0142 w obronie swoich praw i ogrod\u00f3w rodzinnych\u201d. Dokument przekazujemy w\u0142a\u015bnie teraz, kiedy przyroda budzi si\u0119 do \u017cycia, a dzia\u0142kowcy po zimowej przerwie powracaj\u0105 do swoich ogrod\u00f3w (przypominamy, \u017ce apel&hellip;&nbsp;<a href=\"https:\/\/wdowikprojekt.pl\/hiacynt\/witaj-swiecie\/\" class=\"\" rel=\"bookmark\">Dowiedz si\u0119 wi\u0119cej &raquo;<span class=\"screen-reader-text\">Apel do dzia\u0142kowc\u00f3w o masowy udzia\u0142 w obronie swoich praw i ogrod\u00f3w rodzinnych<\/span><\/a><\/p>\n","protected":false},"author":1,"featured_media":67,"comment_status":"open","ping_status":"open","sticky":false,"template":"","format":"standard","meta":{"neve_meta_sidebar":"","neve_meta_container":"","neve_meta_enable_content_width":"","neve_meta_content_width":0,"neve_meta_title_alignment":"","neve_meta_author_avatar":"","neve_post_elements_order":"","neve_meta_disable_header":"","neve_meta_disable_footer":"","neve_meta_disable_title":"","_themeisle_gutenberg_block_has_review":false,"_ti_tpc_template_sync":false,"_ti_tpc_template_id":"","footnotes":""},"categories":[1],"tags":[],"class_list":["post-1","post","type-post","status-publish","format-standard","has-post-thumbnail","hentry","category-bez-kategorii"],"rttpg_featured_image_url":{"full":["https:\/\/wdowikprojekt.pl\/hiacynt\/wp-content\/uploads\/2024\/06\/markus-spiske-nJtmd4ANdR4-unsplash-1.jpg",1920,1280,false],"landscape":["https:\/\/wdowikprojekt.pl\/hiacynt\/wp-content\/uploads\/2024\/06\/markus-spiske-nJtmd4ANdR4-unsplash-1.jpg",1920,1280,false],"portraits":["https:\/\/wdowikprojekt.pl\/hiacynt\/wp-content\/uploads\/2024\/06\/markus-spiske-nJtmd4ANdR4-unsplash-1.jpg",1920,1280,false],"thumbnail":["https:\/\/wdowikprojekt.pl\/hiacynt\/wp-content\/uploads\/2024\/06\/markus-spiske-nJtmd4ANdR4-unsplash-1-150x150.jpg",150,150,true],"medium":["https:\/\/wdowikprojekt.pl\/hiacynt\/wp-content\/uploads\/2024\/06\/markus-spiske-nJtmd4ANdR4-unsplash-1-300x200.jpg",300,200,true],"large":["https:\/\/wdowikprojekt.pl\/hiacynt\/wp-content\/uploads\/2024\/06\/markus-spiske-nJtmd4ANdR4-unsplash-1-1024x683.jpg",1024,683,true],"1536x1536":["https:\/\/wdowikprojekt.pl\/hiacynt\/wp-content\/uploads\/2024\/06\/markus-spiske-nJtmd4ANdR4-unsplash-1-1536x1024.jpg",1536,1024,true],"2048x2048":["https:\/\/wdowikprojekt.pl\/hiacynt\/wp-content\/uploads\/2024\/06\/markus-spiske-nJtmd4ANdR4-unsplash-1.jpg",1920,1280,false],"ultp_layout_landscape_large":["https:\/\/wdowikprojekt.pl\/hiacynt\/wp-content\/uploads\/2024\/06\/markus-spiske-nJtmd4ANdR4-unsplash-1.jpg",1200,800,false],"ultp_layout_landscape":["https:\/\/wdowikprojekt.pl\/hiacynt\/wp-content\/uploads\/2024\/06\/markus-spiske-nJtmd4ANdR4-unsplash-1.jpg",855,570,false],"ultp_layout_portrait":["https:\/\/wdowikprojekt.pl\/hiacynt\/wp-content\/uploads\/2024\/06\/markus-spiske-nJtmd4ANdR4-unsplash-1.jpg",600,400,false],"ultp_layout_square":["https:\/\/wdowikprojekt.pl\/hiacynt\/wp-content\/uploads\/2024\/06\/markus-spiske-nJtmd4ANdR4-unsplash-1.jpg",600,400,false],"neve-blog":["https:\/\/wdowikprojekt.pl\/hiacynt\/wp-content\/uploads\/2024\/06\/markus-spiske-nJtmd4ANdR4-unsplash-1.jpg",930,620,false],"sow-carousel-default":["https:\/\/wdowikprojekt.pl\/hiacynt\/wp-content\/uploads\/2024\/06\/markus-spiske-nJtmd4ANdR4-unsplash-1-272x182.jpg",272,182,true]},"rttpg_author":{"display_name":"Admin_ROD_Hiacynt","author_link":"https:\/\/wdowikprojekt.pl\/hiacynt\/author\/admin_rod_hiacynt\/"},"rttpg_comment":179,"rttpg_category":"<a href=\"https:\/\/wdowikprojekt.pl\/hiacynt\/category\/bez-kategorii\/\" rel=\"category tag\">Bez kategorii<\/a>","rttpg_excerpt":"Pod koniec marca do wszystkich rodzinnych ogrod\u00f3w dzia\u0142kowych trafi \u201eApel IX Krajowego Zjazdu Delegat\u00f3w PZD z dnia 17 grudnia 2011 roku do dzia\u0142kowc\u00f3w o masowy udzia\u0142 w obronie swoich praw i ogrod\u00f3w rodzinnych\u201d. Dokument przekazujemy w\u0142a\u015bnie teraz, kiedy przyroda budzi si\u0119 do \u017cycia, a dzia\u0142kowcy po zimowej przerwie powracaj\u0105 do swoich ogrod\u00f3w (przypominamy, \u017ce apel&hellip;&nbsp;Dowiedz&hellip;","_links":{"self":[{"href":"https:\/\/wdowikprojekt.pl\/hiacynt\/wp-json\/wp\/v2\/posts\/1","targetHints":{"allow":["GET"]}}],"collection":[{"href":"https:\/\/wdowikprojekt.pl\/hiacynt\/wp-json\/wp\/v2\/posts"}],"about":[{"href":"https:\/\/wdowikprojekt.pl\/hiacynt\/wp-json\/wp\/v2\/types\/post"}],"author":[{"embeddable":true,"href":"https:\/\/wdowikprojekt.pl\/hiacynt\/wp-json\/wp\/v2\/users\/1"}],"replies":[{"embeddable":true,"href":"https:\/\/wdowikprojekt.pl\/hiacynt\/wp-json\/wp\/v2\/comments?post=1"}],"version-history":[{"count":1,"href":"https:\/\/wdowikprojekt.pl\/hiacynt\/wp-json\/wp\/v2\/posts\/1\/revisions"}],"predecessor-version":[{"id":55,"href":"https:\/\/wdowikprojekt.pl\/hiacynt\/wp-json\/wp\/v2\/posts\/1\/revisions\/55"}],"wp:featuredmedia":[{"embeddable":true,"href":"https:\/\/wdowikprojekt.pl\/hiacynt\/wp-json\/wp\/v2\/media\/67"}],"wp:attachment":[{"href":"https:\/\/wdowikprojekt.pl\/hiacynt\/wp-json\/wp\/v2\/media?parent=1"}],"wp:term":[{"taxonomy":"category","embeddable":true,"href":"https:\/\/wdowikprojekt.pl\/hiacynt\/wp-json\/wp\/v2\/categories?post=1"},{"taxonomy":"post_tag","embeddable":true,"href":"https:\/\/wdowikprojekt.pl\/hiacynt\/wp-json\/wp\/v2\/tags?post=1"}],"curies":[{"name":"wp","href":"https:\/\/api.w.org\/{rel}","templated":true}]}}